[{"@context":"https:\/\/schema.org\/","@type":"Article","@id":"https:\/\/www.epod.cz\/plast-a-jeho-dve-tvare\/#Article","mainEntityOfPage":"https:\/\/www.epod.cz\/plast-a-jeho-dve-tvare\/","headline":"Plast a jeho dv\u011b tv\u00e1\u0159e","name":"Plast a jeho dv\u011b tv\u00e1\u0159e","description":"Zne\u010di\u0161t\u011bn\u00e9 oce\u00e1ny, vyk\u00e1cen\u00e9 de\u0161tn\u00e9 lesy, zvy\u0161uj\u00edc\u00ed se spot\u0159eba konzumn\u00ed spole\u010dnosti a v\u0161udyp\u0159\u00edtomn\u00fd plast. To jsou jen n\u011bkter\u00e9 z ekologick\u00fdch probl\u00e9m\u016f, kter\u00e9 zm\u00edtaj\u00ed diskuzemi b\u011b\u017en\u00fdch ob\u010dan\u016f, debatami politik\u016f a mnohdy vtiskuj\u00ed vr\u00e1sky do tv\u00e1\u0159\u00ed vzd\u011blan\u00fdch v\u011bdc\u016f. Probl\u00e9my, kter\u00e9 se lid\u00e9 sna\u017e\u00ed \u0159e\u0161it, proto\u017ee mnoho z n\u00e1s si uv\u011bdomuje, \u017ee bez p\u0159\u00edrody n\u00e1m toho nezbude mnoho. A [&hellip;]","datePublished":"2023-02-10","dateModified":"2023-02-10","author":{"@type":"Person","@id":"https:\/\/www.epod.cz\/author\/#Person","name":"","url":"https:\/\/www.epod.cz\/author\/","identifier":1,"image":{"@type":"ImageObject","@id":"https:\/\/secure.gravatar.com\/avatar\/7726f7b8e3ba8979c4cf2ad896cb2e8cc05af8ceb17ce4fb40617b72e0be53b4?s=96&d=mm&r=g","url":"https:\/\/secure.gravatar.com\/avatar\/7726f7b8e3ba8979c4cf2ad896cb2e8cc05af8ceb17ce4fb40617b72e0be53b4?s=96&d=mm&r=g","height":96,"width":96}},"publisher":{"@type":"Organization","name":"epod.cz","logo":{"@type":"ImageObject","@id":"\/logo.png","url":"\/logo.png","width":600,"height":60}},"image":{"@type":"ImageObject","@id":"https:\/\/www.epod.cz\/wp-content\/uploads\/waste-separation-gbfb6730cc_1920.jpg","url":"https:\/\/www.epod.cz\/wp-content\/uploads\/waste-separation-gbfb6730cc_1920.jpg","height":0,"width":0},"url":"https:\/\/www.epod.cz\/plast-a-jeho-dve-tvare\/","about":["Nakupov\u00e1n\u00ed"],"wordCount":445,"articleBody":"       Zne\u010di\u0161t\u011bn\u00e9 oce\u00e1ny, vyk\u00e1cen\u00e9 de\u0161tn\u00e9 lesy, zvy\u0161uj\u00edc\u00ed se spot\u0159eba konzumn\u00ed spole\u010dnosti a v\u0161udyp\u0159\u00edtomn\u00fd plast. To jsou jen n\u011bkter\u00e9 z ekologick\u00fdch probl\u00e9m\u016f, kter\u00e9 zm\u00edtaj\u00ed diskuzemi b\u011b\u017en\u00fdch ob\u010dan\u016f, debatami politik\u016f a mnohdy vtiskuj\u00ed vr\u00e1sky do tv\u00e1\u0159\u00ed vzd\u011blan\u00fdch v\u011bdc\u016f. Probl\u00e9my, kter\u00e9 se lid\u00e9 sna\u017e\u00ed \u0159e\u0161it, proto\u017ee mnoho z n\u00e1s si uv\u011bdomuje, \u017ee bez p\u0159\u00edrody n\u00e1m toho nezbude mnoho. A jedn\u00edm z nejv\u00edce debatovan\u00fdch t\u00e9mat je st\u00e1le plast. D\u0159\u00edve velmi obl\u00edben\u00fd materi\u00e1l dnes stoj\u00ed na tenk\u00e9m led\u011b ve st\u00e1le prob\u00edhaj\u00edc\u00edm souboji mezi jeho vynikaj\u00edc\u00edmi vlastnostmi a dopady, kter\u00e9 na na\u0161i planetu jednozna\u010dn\u011b m\u00e1. Plast je skute\u010dn\u011b materi\u00e1lem dvou tv\u00e1\u0159\u00ed. Nelze mu odep\u0159\u00edt ani jednu z v\u00fdhod, ale stejn\u011b tak nelze zahodit pod koberec nev\u00fdhody, kter\u00e9 mnoho lid\u00ed mohou st\u00e1le znepokojovat. Spot\u0159eba plastu v posledn\u00edch letech stoup\u00e1 a setkat se s n\u00edm lze prakticky v\u0161ude. N\u011bkter\u00e9 kroky se sna\u017e\u00ed tento rapidn\u00ed n\u00e1r\u016fst zastavit, ale jak, kdy\u017e konzumn\u00ed spole\u010dnost chce st\u00e1le v\u00edc a nedok\u00e1\u017ee si odep\u0159\u00edt prakticky nic z toho, co j\u00ed sv\u011bt nab\u00edz\u00ed? Stejn\u011b jako se lze zamyslet nad t\u00edm, pro\u010d je plast \u0161patn\u00fd, lze hledat ale tak\u00e9 kroky, kter\u00fdmi m\u016f\u017eeme doj\u00edt k uspokojiv\u00e9mu v\u00fdsledku. T\u00e9ma plastu dnes nen\u00ed v\u0161em jedno. A a\u010d se to nezd\u00e1, i plast m\u016f\u017ee b\u00fdt v mnoha sm\u011brech udr\u017eiteln\u00fd. Na jednoduch\u00e9m srovn\u00e1n\u00ed plastov\u00e9 bedny a pap\u00edrov\u00e9 krabice lze toti\u017e doj\u00edt k tomu, \u017ee i plast se n\u011bkdy hod\u00ed vyu\u017e\u00edt. N\u011bkdy je mnohem lep\u0161\u00ed pou\u017e\u00edvat rad\u011bji plastov\u00fd kontejner ne\u017e skl\u00e1dku. I plast toti\u017e m\u016f\u017ee m\u00edt velkou trvanlivost, pokud se o n\u011bj \u010dlov\u011bk dob\u0159e star\u00e1. A \u010dlov\u011bk by se zcela jist\u011b m\u011bl starat nejen o sebe, ale i o okoln\u00ed prost\u0159ed\u00ed, ve kter\u00e9m \u017eije. Mo\u017en\u00e1 pr\u00e1v\u011b z tohoto d\u016fvodu je dnes na sv\u011bt\u011b tolik aktivist\u016f, kter\u00fdm nen\u00ed jedno, jak jsou zane\u0159\u00e1d\u011bn\u00e1 vodstva oce\u00e1n\u016f, je\u017e pr\u00e1v\u011b plast dok\u00e1\u017ee po\u0159\u00e1dn\u011b zne\u010distit a st\u00e1t se \u0161kodliv\u00fdm. V rozumn\u00e9 m\u00ed\u0159e nen\u00ed \u0161patn\u00e9 plast pou\u017e\u00edvat a d\u00e1vat mu m\u00edsto ve chv\u00edl\u00edch pot\u0159eby. \u010clov\u011bk by ale v\u017edy m\u011bl d\u00e1vat pozor, aby nevl\u00e1dl plast jemu, ale pr\u00e1v\u011b naopak.                                                                                                                                                                                                                                                                                                                                                                                           4.7\/5 - (7 votes)        "},{"@context":"https:\/\/schema.org\/","@type":"BreadcrumbList","itemListElement":[{"@type":"ListItem","position":1,"name":"Plast a jeho dv\u011b tv\u00e1\u0159e","item":"https:\/\/www.epod.cz\/plast-a-jeho-dve-tvare\/#breadcrumbitem"}]}]