[{"@context":"https:\/\/schema.org\/","@type":"Article","@id":"https:\/\/www.epod.cz\/prace-s-pocitacem\/#Article","mainEntityOfPage":"https:\/\/www.epod.cz\/prace-s-pocitacem\/","headline":"Pr\u00e1ce s po\u010d\u00edta\u010dem","name":"Pr\u00e1ce s po\u010d\u00edta\u010dem","description":"Informa\u010dn\u00ed technologie bylo pro m\u011b v\u017edycky n\u011bco takov\u00e9ho, \u010demu\u017e jsem velice t\u011b\u017eko rozum\u011bla. A byla velice zklaman\u00e1 z toho, kdy\u017e ve \u0161kole potom nastala takov\u00e1 doba, kdy jsme se i tam m\u011bli nau\u010dit technologii a dal\u0161\u00ed po\u010d\u00edta\u010dov\u00e9 term\u00edny. V\u011b\u0159te mi, \u017ee pro m\u011b to bylo opravdu hodn\u011b slo\u017eit\u00e9 a n\u00e1ro\u010dn\u00e9. Kolikr\u00e1t jsem si tak\u00e9 \u0159\u00edkala, [&hellip;]","datePublished":"2022-12-30","dateModified":"2022-12-30","author":{"@type":"Person","@id":"https:\/\/www.epod.cz\/author\/#Person","name":"","url":"https:\/\/www.epod.cz\/author\/","identifier":1,"image":{"@type":"ImageObject","@id":"https:\/\/secure.gravatar.com\/avatar\/7726f7b8e3ba8979c4cf2ad896cb2e8cc05af8ceb17ce4fb40617b72e0be53b4?s=96&d=mm&r=g","url":"https:\/\/secure.gravatar.com\/avatar\/7726f7b8e3ba8979c4cf2ad896cb2e8cc05af8ceb17ce4fb40617b72e0be53b4?s=96&d=mm&r=g","height":96,"width":96}},"publisher":{"@type":"Organization","name":"epod.cz","logo":{"@type":"ImageObject","@id":"\/logo.png","url":"\/logo.png","width":600,"height":60}},"image":{"@type":"ImageObject","@id":"https:\/\/www.epod.cz\/wp-content\/uploads\/desk-1284085_1280_9.jpg","url":"https:\/\/www.epod.cz\/wp-content\/uploads\/desk-1284085_1280_9.jpg","height":0,"width":0},"url":"https:\/\/www.epod.cz\/prace-s-pocitacem\/","about":["IT"],"wordCount":453,"articleBody":"Informa\u010dn\u00ed technologie bylo pro m\u011b v\u017edycky n\u011bco takov\u00e9ho, \u010demu\u017e jsem velice t\u011b\u017eko rozum\u011bla. A byla velice zklaman\u00e1 z toho, kdy\u017e ve \u0161kole potom nastala takov\u00e1 doba, kdy jsme se i tam m\u011bli nau\u010dit technologii a dal\u0161\u00ed po\u010d\u00edta\u010dov\u00e9 term\u00edny. V\u011b\u0159te mi, \u017ee pro m\u011b to bylo opravdu hodn\u011b slo\u017eit\u00e9 a n\u00e1ro\u010dn\u00e9. Kolikr\u00e1t jsem si tak\u00e9 \u0159\u00edkala, jestli jsem se t\u0159eba nenarodila n\u011bjak\u00fdm v jin\u00e9m \u010dase, proto\u017ee v\u0161ichni okolo mi \u0159\u00edkali a dokola tvrdili, \u017ee pr\u00e1v\u011b v tomto sv\u011bt\u011b dne\u0161n\u00ed ml\u00e1de\u017e um\u00ed na po\u010d\u00edta\u010di skoro v\u0161echno u\u017e od narozen\u00ed, \u017ee pr\u00fd to takov\u00e9 u\u017e automatick\u00e9, jenom\u017ee bohu\u017eel u m\u011b to neplatilo.U m\u011b bylo \u00fapln\u011b jin\u00e9 pravidlo, tak jsem si \u0159ekla, \u017ee ne\u017e abych n\u011bkde sp\u00ed\u0161e trp\u011bla, nebo abych byla sp\u00ed\u0161e lidem pro sm\u00edch, \u017ee neum\u00edm na po\u010d\u00edta\u010di a \u017ee nezn\u00e1m r\u016fzn\u00e9 po\u010d\u00edta\u010dov\u00e9 term\u00edny a terminologii, tak\u017ee rad\u011bji se budu u\u010dit. T\u0159eba doma. Proto jsem p\u0159es po\u010d\u00edta\u010d se u\u010dila r\u016fzn\u00e9 v\u011bci, kter\u00e9 bych m\u011bla um\u011bt potom ve \u0161kole. Tohle bylo docela jednoduch\u00e9, proto\u017ee z youtube kan\u00e1lem um\u00edm zach\u00e1zet. Tak\u017ee pr\u00e1v\u011b na youtube kan\u00e1lu u\u017e jsem si pustila r\u016fzn\u00e9 po\u010d\u00edta\u010dov\u00e9 term\u00edny, abych se dozv\u011bd\u011bla v\u00edce informac\u00ed o po\u010d\u00edta\u010d\u00edch a tak\u00e9 o informa\u010dn\u00ed technologii. Nebo kdybych se m\u011bla zeptat v\u00e1s, tak k \u010demu byste dali p\u0159ednost?Cht\u011bli byste um\u011bt opravdu dokonale na po\u010d\u00edta\u010di, nebo by v\u00e1m to bylo jedno nebo by v\u00e1m sta\u010dilo, \u017ee by se t\u0159eba ve \u0161kole m\u011bli trojky nebo \u010dty\u0159ky a byli byste s t\u00edmhle spokojen\u00ed? J\u00e1 tedy rozhodn\u011b ne. J\u00e1 jsem toti\u017e m\u011bla v\u017edycky dobr\u00e9 zn\u00e1mky a ne vysv\u011bd\u010den\u00ed jsem m\u011bla maxim\u00e1ln\u011b dvojku, jenom\u017ee v tomhle p\u0159\u00edpad\u011b jsem tu\u0161ila, \u017ee z informatiky budu m\u00edt ur\u010dit\u011b trojku, a to minim\u00e1ln\u011b. Proto jsem si \u0159ekla, \u017ee nebude od v\u011bci, kdy\u017e se fakt budu u\u010dit, proto jsem tak\u00e9 je\u0161t\u011b zavolala na pomoc sv\u00e9ho bratra, kter\u00fd se v po\u010d\u00edta\u010d\u00edch docela dob\u0159e vyzn\u00e1, tak\u017ee i on mi pomohl. Moc m\u011b to pot\u011b\u0161ilo a byla jsem r\u00e1da, proto\u017ee pr\u00e1v\u011b d\u00edky bratrovi a tak\u00e9 r\u016fzn\u00fdm online doru\u010dovac\u00edm akc\u00edm jsem se toho nau\u010dila docela dost a jsem na sebe py\u0161n\u00e1.\u00a0                                                                                                                                                                                                                                                                                                                                                                                        3.5\/5 - (4 votes)        "},{"@context":"https:\/\/schema.org\/","@type":"BreadcrumbList","itemListElement":[{"@type":"ListItem","position":1,"name":"Pr\u00e1ce s po\u010d\u00edta\u010dem","item":"https:\/\/www.epod.cz\/prace-s-pocitacem\/#breadcrumbitem"}]}]